{"id":19045,"date":"2026-02-23T12:22:31","date_gmt":"2026-02-23T12:22:31","guid":{"rendered":"https:\/\/grupogastrotrinquet.com\/blog\/mejores-restaurantes-fideua-valencia\/"},"modified":"2026-04-27T09:40:58","modified_gmt":"2026-04-27T09:40:58","slug":"best-fideua-valencia","status":"publish","type":"post","link":"https:\/\/grupogastrotrinquet.com\/en\/blog\/best-fideua-valencia\/","title":{"rendered":"Best Restaurants for Fideu\u00e1 in Valencia"},"content":{"rendered":"\n<p class=\"wp-block-paragraph\">Did you know that <strong>Valencian fideu\u00e1<\/strong> is one of the most representative dishes of Mediterranean cuisine? Its popularity <a href=\"https:\/\/grupogastrotrinquet.com\/blog\/top-14-best-paella-restaurants-in-valencia-2025\/\">rivals that of paella<\/a>, and it is appreciated by both Valencians and tourists alike. Stay with us to find out which restaurants prepare it best.<\/p>\n\n\n\n<ul class=\"wp-block-list\">\n<li><a href=\"https:\/\/grupogastrotrinquet.com\/en\/restaurantes\/pelayo\/\">Pelayo Gastro Trinquet<\/a><\/li>\n\n\n\n<li><a href=\"https:\/\/grupogastrotrinquet.com\/en\/restaurantes\/casa-baldo\/\">Casa BALDO 1915<\/a><\/li>\n\n\n\n<li><a href=\"https:\/\/grupogastrotrinquet.com\/en\/restaurantes\/vaqueta\/\">Vaqueta Gastro Mercat<\/a><\/li>\n\n\n\n<li>Alquer\u00eda del Pou<\/li>\n\n\n\n<li>Puerta del Mar Valencia<\/li>\n\n\n\n<li>El Paeller Valenci\u00e0<\/li>\n\n\n\n<li>Masusa Paella Bar<\/li>\n\n\n\n<li>Restaurante Flor de Valencia<\/li>\n\n\n\n<li>El Rac\u00f3 de la Paella<\/li>\n\n\n\n<li>Fum de LLum | Valencia<\/li>\n<\/ul>\n\n\n\n<h2 class=\"wp-block-heading\">Pelayo Gastro Trinquet<\/h2>\n\n\n\n<p class=\"wp-block-paragraph\">Pelayo Gastro Trinquet is one of the <strong>best restaurants to eat fideu\u00e1 in Valencia<\/strong>. Given its commitment to gastronomic excellence, they prepare this dish to order, devoting at least <strong>25 minutes to its preparation<\/strong>.<\/p>\n\n\n\n<p class=\"wp-block-paragraph\">As a restaurant specializing in rice dishes, its mastery of fideu\u00e1s is beyond any doubt. What is more, the chicken and artichoke fideu\u00e1 is a must on its daily menu. This specialty, served in a <a href=\"https:\/\/grupogastrotrinquet.com\/blog\/top-12-traditional-restaurants-in-valencia\/\">traditional paella<\/a> pan, stands out for the authenticity of its flavor.<\/p>\n\n\n\n<p class=\"wp-block-paragraph\">This <strong>fideu\u00e1 restaurant in Valencia<\/strong> is characterized by its commitment to the gastronomic traditions of its land. After all, Valencian dishes are the undisputed protagonists of its culinary offering (artisan allioli, seafood titaina, horchata panna cotta, etc.). These lifelong flavors have the personal touch added by the head chef, Chimo Faubell.<\/p>\n\n\n\n<p class=\"wp-block-paragraph\">Tasting a fideu\u00e1 is a multisensory experience. Consequently, the setting where it is eaten influences how we perceive its flavor. At this point, Pelayo Gastro Trinquet surrounds us with a unique setting, since it is located in the mythical Cathedral of Valencian Pilota.<\/p>\n\n\n\n<style>\n.tabla-personalizada {\n    width: 100%;\n    border-collapse: collapse;\n    margin: 25px 0;\n    font-size: 0.9em;\n    font-family: -apple-system, BlinkMacSystemFont, \"Segoe UI\", Roboto, Oxygen-Sans, Ubuntu, Cantarell, \"Helvetica Neue\", sans-serif;\n    box-shadow: 0 0 20px rgba(0, 0, 0, 0.15);\n}\n\n.tabla-personalizada thead tr {\n    background-color: #009879;\n    color: #ffffff;\n    text-align: left;\n}\n\n.tabla-personalizada th,\n.tabla-personalizada td {\n    padding: 12px 15px;\n    border: 1px solid #dddddd;\n}\n\n.tabla-personalizada tbody tr {\n    border-bottom: 1px solid #dddddd;\n}\n\n.tabla-personalizada tbody tr:nth-of-type(even) {\n    background-color: #f3f3f3;\n}\n\n.tabla-personalizada tbody tr:last-of-type {\n    border-bottom: 2px solid #009879;\n}\n\n@media screen and (max-width: 600px) {\n    .tabla-personalizada {\n        display: block;\n        overflow-x: auto;\n    }\n}\n<\/style><br\/><br\/><table class=\"tabla-personalizada\">\n    <thead>\n        <tr>\n            <th>Pelayo Gastro Trinquet\n<\/th>\n        <\/tr>\n    <\/thead>\n    <tbody>\n        <tr>\n            <td>Google score: 4,3\u272e\/5 (de 10.122 reviews)<\/td>\n        <\/tr>\n        <tr>\n <td>Neighborhood: Extramurs<\/td>\n        <\/tr>\n        <tr>\n            <td>Price: \u20ac\u20ac\n        <\/td><\/tr>\n        <tr>\n            <td>Address: C\/ de Pelayo, 6, 46007 Val\u00e8ncia \n        <\/td><\/tr>\n        <tr>\n            <td>Features: Mediterranean | Wi-Fi | High chairs | Gift cards \n        <\/td><\/tr>\n    <\/tbody>\n<\/table>\n\n\n\n<div class=\"wp-block-buttons is-content-justification-center is-layout-flex wp-container-core-buttons-is-layout-fe48e5de wp-block-buttons-is-layout-flex\">\n<div class=\"wp-block-button\"><a class=\"wp-block-button__link has-background has-text-align-center wp-element-button\" href=\"https:\/\/grupogastrotrinquet.com\/en\/restaurantes\/pelayo\/\" style=\"background-color:#ff6b6b\">Book a table<\/a><\/div>\n<\/div>\n\n\n\n<div style=\"height:50px\" aria-hidden=\"true\" class=\"wp-block-spacer\"><\/div>\n\n\n\n<figure class=\"wp-block-image size-full\"><img decoding=\"async\" width=\"750\" height=\"563\" src=\"https:\/\/grupogastrotrinquet.com\/wp-content\/uploads\/2026\/02\/Mejores-Fideua-Valencia.jpg\" alt=\"Comer Mejores Fideu\u00e1 Valencia\" class=\"wp-image-18374\" style=\"aspect-ratio:1.3321861730176792;object-fit:contain\" srcset=\"https:\/\/grupogastrotrinquet.com\/wp-content\/uploads\/2026\/02\/Mejores-Fideua-Valencia.jpg 750w, https:\/\/grupogastrotrinquet.com\/wp-content\/uploads\/2026\/02\/Mejores-Fideua-Valencia-300x225.jpg 300w\" sizes=\"(max-width: 750px) 100vw, 750px\" \/><\/figure>\n\n\n\n<h2 class=\"wp-block-heading\">Casa BALDO 1915<\/h2>\n\n\n\n<p class=\"wp-block-paragraph\">If you are wondering <strong>where to eat a good fideu\u00e1 in Valencia<\/strong>, you should know that Casa BALDO 1915 is one of your best options. Certainly, fideu\u00e1s are among its most acclaimed specialties.<\/p>\n\n\n\n<p class=\"wp-block-paragraph\">The menu at Casa BALDO 1915 boasts a great variety of fideu\u00e1s. You can try the <strong>seafood fideu\u00e1<\/strong>, the <strong>senyoret fideu\u00e1<\/strong> with red prawn and the lobster fideu\u00e1 will captivate those seeking the most classic preparations . However, if you want to try a skillfully renewed version, you cannot miss its famous fideu\u00e1 with aged pica\u00f1a tataki. Whichever one you choose, you will see that this dish holds no secrets for head chef Jorge Parra.<\/p>\n\n\n\n<p class=\"wp-block-paragraph\">If you want to treat yourself to the most iconic delicacies of the City of the Turia, we recommend accompanying your <strong>fideu\u00e1 with artisan allioli and the award-winning bunyol de l\u2019Albufera<\/strong>. <a href=\"https:\/\/grupogastrotrinquet.com\/blog\/traditional-valencian-desserts-and-sweets\/\">Desserts as typical as agua de Valencia sorbet<\/a> or nougat ice cream slice will bring a sweet ending to such an authentic menu.<\/p>\n\n\n\n<p class=\"wp-block-paragraph\">Once again, Grupo Gastro Trinquet has paid the utmost attention to the interior design so that savoring a fideu\u00e1 becomes something unforgettable. The restaurant, located in a century-old business premises, evokes the traditional charm radiated by Valencia in the 1950s.<\/p>\n\n\n\n<style>\n.tabla-personalizada {\n    width: 100%;\n    border-collapse: collapse;\n    margin: 25px 0;\n    font-size: 0.9em;\n    font-family: -apple-system, BlinkMacSystemFont, \"Segoe UI\", Roboto, Oxygen-Sans, Ubuntu, Cantarell, \"Helvetica Neue\", sans-serif;\n    box-shadow: 0 0 20px rgba(0, 0, 0, 0.15);\n}\n\n.tabla-personalizada thead tr {\n    background-color: #009879;\n    color: #ffffff;\n    text-align: left;\n}\n\n.tabla-personalizada th,\n.tabla-personalizada td {\n    padding: 12px 15px;\n    border: 1px solid #dddddd;\n}\n\n.tabla-personalizada tbody tr {\n    border-bottom: 1px solid #dddddd;\n}\n\n.tabla-personalizada tbody tr:nth-of-type(even) {\n    background-color: #f3f3f3;\n}\n\n.tabla-personalizada tbody tr:last-of-type {\n    border-bottom: 2px solid #009879;\n}\n\n@media screen and (max-width: 600px) {\n    .tabla-personalizada {\n        display: block;\n        overflow-x: auto;\n    }\n}\n<\/style><br\/><br\/><table class=\"tabla-personalizada\">\n    <thead>\n        <tr>\n            <th>Casa BALDO 1915\n<\/th>\n        <\/tr>\n    <\/thead>\n    <tbody>\n        <tr>\n            <td>Google rating: 4.0\u272e\/5 (from 5,223 reviews)<\/td>\n        <\/tr>\n        <tr>\n <td>Neighborhood: Ciutat Vella<\/td>\n        <\/tr>\n        <tr>\n            <td>Price: \u20ac\u20ac\n        <\/td><\/tr>\n        <tr>\n            <td>Address: Carrer Ribera, 5, 46002 \n        <\/td><\/tr>\n        <tr>\n            <td>Features: Mediterranean | Wi-Fi | High chairs | Gift cards \n        <\/td><\/tr>\n    <\/tbody>\n<\/table>\n\n\n\n<div class=\"wp-block-buttons is-content-justification-center is-layout-flex wp-container-core-buttons-is-layout-fe48e5de wp-block-buttons-is-layout-flex\">\n<div class=\"wp-block-button\"><a class=\"wp-block-button__link has-background has-text-align-center wp-element-button\" href=\"https:\/\/grupogastrotrinquet.com\/en\/restaurantes\/casa-baldo\/\" style=\"background-color:#ff6b6b\">Book a table<\/a><\/div>\n<\/div>\n\n\n\n<h2 class=\"wp-block-heading\">Vaqueta Gastro Mercat<\/h2>\n\n\n\n<p class=\"wp-block-paragraph\">Quite a few people believe that Vaqueta Gastro Mercat prepares the <strong>best fideu\u00e1 in Valencia<\/strong>. The Mediterranean Sea and the Valencian huerta place in the experienced hands of F\u00e9lix Escoto everything needed to take the flavor of noodles to the next level. Not for nothing, this Grupo Gastro Trinquet restaurant is right next to the famous Central Market.<\/p>\n\n\n\n<p class=\"wp-block-paragraph\">This emblematic restaurant places <strong>all kinds of fideu\u00e1s on your table<\/strong>. Some of the most acclaimed are the snail and artichoke fideu\u00e1 and the Iberian pork shoulder with boletus fideu\u00e1. In addition, and as could not be otherwise in a sushi bar, the red tuna tartare fideu\u00e1 has become one of its signature dishes.<\/p>\n\n\n\n<p class=\"wp-block-paragraph\">A Valencian cheese board or a grilled eggplant coca d\u2019oli will be magnificent starters for your fideu\u00e1 dish. A fart\u00f3 torrija with horchata ice cream will round off a menu as succulent as it is 100% Valencian. Do not forget to pair these delights with the local wines that Vaqueta treasures in its cellar.<\/p>\n\n\n\n<style>\n.tabla-personalizada {\n    width: 100%;\n    border-collapse: collapse;\n    margin: 25px 0;\n    font-size: 0.9em;\n    font-family: -apple-system, BlinkMacSystemFont, \"Segoe UI\", Roboto, Oxygen-Sans, Ubuntu, Cantarell, \"Helvetica Neue\", sans-serif;\n    box-shadow: 0 0 20px rgba(0, 0, 0, 0.15);\n}\n\n.tabla-personalizada thead tr {\n    background-color: #009879;\n    color: #ffffff;\n    text-align: left;\n}\n\n.tabla-personalizada th,\n.tabla-personalizada td {\n    padding: 12px 15px;\n    border: 1px solid #dddddd;\n}\n\n.tabla-personalizada tbody tr {\n    border-bottom: 1px solid #dddddd;\n}\n\n.tabla-personalizada tbody tr:nth-of-type(even) {\n    background-color: #f3f3f3;\n}\n\n.tabla-personalizada tbody tr:last-of-type {\n    border-bottom: 2px solid #009879;\n}\n\n@media screen and (max-width: 600px) {\n    .tabla-personalizada {\n        display: block;\n        overflow-x: auto;\n    }\n}\n<\/style><br\/><br\/><table class=\"tabla-personalizada\">\n    <thead>\n        <tr>\n            <th>Vaqueta Gastro Mercat\n<\/th>\n        <\/tr>\n    <\/thead>\n    <tbody>\n        <tr>\n            <td>Google rating: 4.2\u272e\/5 (from 4,861 reviews)<\/td>\n        <\/tr>\n        <tr>\n <td>Neighborhood: Ciutat Vella<\/td>\n        <\/tr>\n        <tr>\n            <td>Price: \u20ac\u20ac\u20ac\n        <\/td><\/tr>\n        <tr>\n            <td>Address: Carrer San Fernando, 22, 46001. \n        <\/td><\/tr>\n        <tr>\n            <td>Features: Valencian products | Grilled fish and seafood | Sushi bar | Private dining rooms | Celiacs | Dogs allowed | Accessible | Terrace \n        <\/td><\/tr>\n    <\/tbody>\n<\/table>\n\n\n\n<div class=\"wp-block-buttons is-content-justification-center is-layout-flex wp-container-core-buttons-is-layout-fe48e5de wp-block-buttons-is-layout-flex\">\n<div class=\"wp-block-button\"><a class=\"wp-block-button__link has-background has-text-align-center wp-element-button\" href=\"https:\/\/grupogastrotrinquet.com\/en\/restaurantes\/vaqueta\/\" style=\"background-color:#ff6b6b\">Book a table<\/a><\/div>\n<\/div>\n\n\n\n<h2 class=\"wp-block-heading\">Alquer\u00eda del Pou<\/h2>\n\n\n\n<p class=\"wp-block-paragraph\">Located just 500 meters from the Ciutat de les Arts i les Ci\u00e8ncies, L\u2019Alqueria del Pou is a restaurant specializing in typically Valencian dishes. This establishment, founded in 2012 by Rafa Soler Orient, is well known for the <strong>quality of its fideu\u00e1<\/strong>. Not in vain, its manager has even shared the recipe.<\/p>\n\n\n\n<p class=\"wp-block-paragraph\">Fideu\u00e1s such as the seafood fideu\u00e1 and the boletus fideu\u00e1 hold a prominent place in Alquer\u00eda del Pou\u2019s culinary offering. They share the spotlight with other dishes so typical of Valencia as titaina, tellinas, and esgarraet. The sense of authenticity conveyed by its menu is reinforced by its setting: a restored farmhouse in the middle of the huerta.<\/p>\n\n\n\n<style>\n.tabla-personalizada {\n    width: 100%;\n    border-collapse: collapse;\n    margin: 25px 0;\n    font-size: 0.9em;\n    font-family: -apple-system, BlinkMacSystemFont, \"Segoe UI\", Roboto, Oxygen-Sans, Ubuntu, Cantarell, \"Helvetica Neue\", sans-serif;\n    box-shadow: 0 0 20px rgba(0, 0, 0, 0.15);\n}\n\n.tabla-personalizada thead tr {\n    background-color: #009879;\n    color: #ffffff;\n    text-align: left;\n}\n\n.tabla-personalizada th,\n.tabla-personalizada td {\n    padding: 12px 15px;\n    border: 1px solid #dddddd;\n}\n\n.tabla-personalizada tbody tr {\n    border-bottom: 1px solid #dddddd;\n}\n\n.tabla-personalizada tbody tr:nth-of-type(even) {\n    background-color: #f3f3f3;\n}\n\n.tabla-personalizada tbody tr:last-of-type {\n    border-bottom: 2px solid #009879;\n}\n\n@media screen and (max-width: 600px) {\n    .tabla-personalizada {\n        display: block;\n        overflow-x: auto;\n    }\n}\n<\/style>\n\n<table class=\"tabla-personalizada\">\n    <thead>\n        <tr>\n            <th>Alquer\u00eda del Pou<\/th>\n        <\/tr>\n    <\/thead>\n    <tbody>\n        <tr>\n            <td>Google rating: 4.6\u272e\/5 (from 7,874 reviews)<\/td>\n        <\/tr>\n        <tr>\n<td>Neighborhood: Quatre Carreres<\/td>\n        <\/tr>\n        <tr>\n            <td>Price: \u20ac\u20ac\n        <\/tr>\n        <tr>\n            <td>Address: Ent. Rico, 6, 46013 Valencia \n        <\/tr>\n        <tr>\n            <td>Features: Mediterranean | Free parking | Terrace | High chairs\nAlqueria el Pou Restaurant\n        <\/tr>\n    <\/tbody>\n<\/table>\n\n\n\n<figure class=\"wp-block-image size-full\"><img decoding=\"async\" width=\"1024\" height=\"685\" src=\"https:\/\/grupogastrotrinquet.com\/wp-content\/uploads\/2026\/02\/Alqueria-el-Pou.jpg\" alt=\"Restaurante Alqueria el Pou\" class=\"wp-image-18378\" srcset=\"https:\/\/grupogastrotrinquet.com\/wp-content\/uploads\/2026\/02\/Alqueria-el-Pou.jpg 1024w, https:\/\/grupogastrotrinquet.com\/wp-content\/uploads\/2026\/02\/Alqueria-el-Pou-300x201.jpg 300w, https:\/\/grupogastrotrinquet.com\/wp-content\/uploads\/2026\/02\/Alqueria-el-Pou-768x514.jpg 768w\" sizes=\"(max-width: 1024px) 100vw, 1024px\" \/><\/figure>\n\n\n\n<h2 class=\"wp-block-heading\">Puerta del Mar Valencia<\/h2>\n\n\n\n<p class=\"wp-block-paragraph\">Considered the flagship restaurant of Grupo G\u00f3mez, Puerta del Mar has become a true symbol of Mediterranean cuisine. Its specialty is traditional rice dishes and, of course, fideu\u00e1s, <strong>with the duck and mushroom fideu\u00e1<\/strong> being especially appreciated.<\/p>\n\n\n\n<p class=\"wp-block-paragraph\">Seafood dishes prepared with the freshest products from the fish market are one of the distinctive features of this venue. That high-quality raw material can be tasted in the stock of its fideu\u00e1s. It is worth highlighting that its <strong>black fideu\u00e1<\/strong> recipe with grated prawns is a hit on social media.<\/p>\n\n\n\n<style>\n.tabla-personalizada {\n    width: 100%;\n    border-collapse: collapse;\n    margin: 25px 0;\n    font-size: 0.9em;\n    font-family: -apple-system, BlinkMacSystemFont, \"Segoe UI\", Roboto, Oxygen-Sans, Ubuntu, Cantarell, \"Helvetica Neue\", sans-serif;\n    box-shadow: 0 0 20px rgba(0, 0, 0, 0.15);\n}\n\n.tabla-personalizada thead tr {\n    background-color: #009879;\n    color: #ffffff;\n    text-align: left;\n}\n\n.tabla-personalizada th,\n.tabla-personalizada td {\n    padding: 12px 15px;\n    border: 1px solid #dddddd;\n}\n\n.tabla-personalizada tbody tr {\n    border-bottom: 1px solid #dddddd;\n}\n\n.tabla-personalizada tbody tr:nth-of-type(even) {\n    background-color: #f3f3f3;\n}\n\n.tabla-personalizada tbody tr:last-of-type {\n    border-bottom: 2px solid #009879;\n}\n\n@media screen and (max-width: 600px) {\n    .tabla-personalizada {\n        display: block;\n        overflow-x: auto;\n    }\n}\n<\/style>\n\n<table class=\"tabla-personalizada\">\n    <thead>\n        <tr>\n            <th>Puerta del Mar Valencia<\/th>\n        <\/tr>\n    <\/thead>\n    <tbody>\n        <tr>\n            <td>Google rating: 4.5\u272e\/5 (from 14,511 reviews<\/td>\n        <\/tr>\n        <tr>\n<td>Neighborhood: Ciutat Vella<\/td>\n        <\/tr>\n        <tr>\n            <td>Price: \u20ac\u20ac\n        <\/tr>\n        <tr>\n            <td>Address: C\/ del Portal de Sant Jordi, 3, 46002 Val\u00e8ncia \n        <\/tr>\n        <tr>\n            <td>Features: Seafood, Mediterranean | Gift cards | Terrace | Private\n        <\/tr>\n    <\/tbody>\n<\/table>\n\n\n\n<h2 class=\"wp-block-heading\">El Paeller Valenci\u00e0<\/h2>\n\n\n\n<p class=\"wp-block-paragraph\">Part of the culinary ecosystem forged by the Marg\u00f3s family, El Paeller Valenci\u00e0 has been with us since 2023. The<strong> key to its fideu\u00e1s<\/strong> lies in the fact that the stock is cooked over a wood fire, which gives the noodles an intense seafood flavor.<\/p>\n\n\n\n<p class=\"wp-block-paragraph\">The fideu\u00e1s at El Paeller Valenci\u00e0 are made with squid, mussels, monkfish chunks, peeled prawns, and giant squid. The genuineness of their character and their method of preparation make them the perfect example of what <strong>Valencian fideu\u00e1<\/strong> should be like.<\/p>\n\n\n\n<style>\n.tabla-personalizada {\n    width: 100%;\n    border-collapse: collapse;\n    margin: 25px 0;\n    font-size: 0.9em;\n    font-family: -apple-system, BlinkMacSystemFont, \"Segoe UI\", Roboto, Oxygen-Sans, Ubuntu, Cantarell, \"Helvetica Neue\", sans-serif;\n    box-shadow: 0 0 20px rgba(0, 0, 0, 0.15);\n}\n\n.tabla-personalizada thead tr {\n    background-color: #009879;\n    color: #ffffff;\n    text-align: left;\n}\n\n.tabla-personalizada th,\n.tabla-personalizada td {\n    padding: 12px 15px;\n    border: 1px solid #dddddd;\n}\n\n.tabla-personalizada tbody tr {\n    border-bottom: 1px solid #dddddd;\n}\n\n.tabla-personalizada tbody tr:nth-of-type(even) {\n    background-color: #f3f3f3;\n}\n\n.tabla-personalizada tbody tr:last-of-type {\n    border-bottom: 2px solid #009879;\n}\n\n@media screen and (max-width: 600px) {\n    .tabla-personalizada {\n        display: block;\n        overflow-x: auto;\n    }\n}\n<\/style>\n\n<table class=\"tabla-personalizada\">\n    <thead>\n        <tr>\n            <th>El Paeller Valenci\u00e0<\/th>\n        <\/tr>\n    <\/thead>\n    <tbody>\n        <tr>\n            <td>Google rating: 4.6\u272e\/5 (from 1,595 reviews)<\/td>\n        <\/tr>\n        <tr>\n<td>Neighborhood: Ciutat Vella <\/td>\n        <\/tr>\n        <tr>\n            <td>Price: \u20ac\u20ac\n        <\/tr>\n        <tr>\n            <td>Address: C\/ dels Cavallers, 5, 46001 Val\u00e8ncia \n        <\/tr>\n        <tr>\n            <td>Features: Italian, Pizza, Mediterranean, Spanish | Large capacity | Reservations\n        <\/tr>\n    <\/tbody>\n<\/table>\n\n\n\n<h2 class=\"wp-block-heading\">Masusa Paella Bar<\/h2>\n\n\n\n<p class=\"wp-block-paragraph\">Masusa Paella Bar is a restaurant well worth considering for anyone who wants to enjoy a good fideu\u00e1 in Valencia. Located in the heart of the city, it offers quality dishes in a relaxed and family-friendly atmosphere. Old-style preparation, but with a glamorous contemporary touch, is the hallmark of Mama Susana, its chef.<\/p>\n\n\n\n<p class=\"wp-block-paragraph\">The fideu\u00e1s they prepare at Massa (such as the vegetable and boletus fideu\u00e1) are among the dishes most praised by its diners. It is worth noting that this is one of the few restaurants that serve this dish individually.<\/p>\n\n\n\n<style>\n.tabla-personalizada {\n    width: 100%;\n    border-collapse: collapse;\n    margin: 25px 0;\n    font-size: 0.9em;\n    font-family: -apple-system, BlinkMacSystemFont, \"Segoe UI\", Roboto, Oxygen-Sans, Ubuntu, Cantarell, \"Helvetica Neue\", sans-serif;\n    box-shadow: 0 0 20px rgba(0, 0, 0, 0.15);\n}\n\n.tabla-personalizada thead tr {\n    background-color: #009879;\n    color: #ffffff;\n    text-align: left;\n}\n\n.tabla-personalizada th,\n.tabla-personalizada td {\n    padding: 12px 15px;\n    border: 1px solid #dddddd;\n}\n\n.tabla-personalizada tbody tr {\n    border-bottom: 1px solid #dddddd;\n}\n\n.tabla-personalizada tbody tr:nth-of-type(even) {\n    background-color: #f3f3f3;\n}\n\n.tabla-personalizada tbody tr:last-of-type {\n    border-bottom: 2px solid #009879;\n}\n\n@media screen and (max-width: 600px) {\n    .tabla-personalizada {\n        display: block;\n        overflow-x: auto;\n    }\n}\n<\/style>\n\n<table class=\"tabla-personalizada\">\n    <thead>\n        <tr>\n            <th>Masusa Paella Bar<\/th>\n        <\/tr>\n    <\/thead>\n    <tbody>\n        <tr>\n            <td>Google rating: 4.6 \u272e\/5 (from 3,456 reviews)<\/td>\n        <\/tr>\n        <tr>\n<td>BNeighborhoodrrio: L&#8217;Eixample <\/td>\n        <\/tr>\n        <tr>\n            <td>Price: \u20ac\u20ac\n        <\/tr>\n        <tr>\n            <td>Address: Carrer del Literat Azor\u00edn, 17, 46006 Val\u00e8ncia \n        <\/tr>\n        <tr>\n            <td>Features: Mediterranean, European, Spanish | Terrace | Wi-Fi\n        <\/tr>\n    <\/tbody>\n<\/table>\n\n\n\n<figure class=\"wp-block-image size-full\"><img decoding=\"async\" width=\"720\" height=\"540\" src=\"https:\/\/grupogastrotrinquet.com\/wp-content\/uploads\/2026\/02\/Puerta-del-Mar-Valencia.jpg\" alt=\"Restaurante Puerta del Mar Valencia\" class=\"wp-image-18381\" style=\"object-fit:cover\" srcset=\"https:\/\/grupogastrotrinquet.com\/wp-content\/uploads\/2026\/02\/Puerta-del-Mar-Valencia.jpg 720w, https:\/\/grupogastrotrinquet.com\/wp-content\/uploads\/2026\/02\/Puerta-del-Mar-Valencia-300x225.jpg 300w\" sizes=\"(max-width: 720px) 100vw, 720px\" \/><\/figure>\n\n\n\n<h2 class=\"wp-block-heading\">Restaurante Flor de Valencia<\/h2>\n\n\n\n<p class=\"wp-block-paragraph\">Flor de Valencia restaurant is a must-visit for <strong>lovers of rice dishes and fideu\u00e1<\/strong>. Its philosophy is characterized by the utmost respect for those Valencian gastronomic roots that have been passed down from generation to generation.<\/p>\n\n\n\n<p class=\"wp-block-paragraph\">The senyoret fideu\u00e1 is one of the most sought-after dishes on its menu. The rigorous selection of raw materials is one of the keys to its success. Made from scratch with peeled seafood, it brings all the flavor of the sea to your table. Its popularity has led it to be available both on the \u00e0 la carte menu and on the daily menu.<\/p>\n\n\n\n<style>\n.tabla-personalizada {\n    width: 100%;\n    border-collapse: collapse;\n    margin: 25px 0;\n    font-size: 0.9em;\n    font-family: -apple-system, BlinkMacSystemFont, \"Segoe UI\", Roboto, Oxygen-Sans, Ubuntu, Cantarell, \"Helvetica Neue\", sans-serif;\n    box-shadow: 0 0 20px rgba(0, 0, 0, 0.15);\n}\n\n.tabla-personalizada thead tr {\n    background-color: #009879;\n    color: #ffffff;\n    text-align: left;\n}\n\n.tabla-personalizada th,\n.tabla-personalizada td {\n    padding: 12px 15px;\n    border: 1px solid #dddddd;\n}\n\n.tabla-personalizada tbody tr {\n    border-bottom: 1px solid #dddddd;\n}\n\n.tabla-personalizada tbody tr:nth-of-type(even) {\n    background-color: #f3f3f3;\n}\n\n.tabla-personalizada tbody tr:last-of-type {\n    border-bottom: 2px solid #009879;\n}\n\n@media screen and (max-width: 600px) {\n    .tabla-personalizada {\n        display: block;\n        overflow-x: auto;\n    }\n}\n<\/style>\n\n<table class=\"tabla-personalizada\">\n    <thead>\n        <tr>\n            <th>Restaurante Flor de Valencia<\/th>\n        <\/tr>\n    <\/thead>\n    <tbody>\n        <tr>\n            <td>Google rating: 4.6\u272e\/5 (from 2,573 reviews)<\/td>\n        <\/tr>\n        <tr>\n<td>Neighborhood: Camins al Grau <\/td>\n        <\/tr>\n        <tr>\n            <td>Price: \u20ac\u20ac\u20ac\n        <\/tr>\n        <tr>\n            <td>Address: Avenida Cardenal Benlloch 22, 46021 Val\u00e8ncia \n        <\/tr>\n        <tr>\n            <td>Features: Seafood | Mediterranean | Free parking | High chairs | Wi-Fi \n        <\/tr>\n    <\/tbody>\n<\/table>\n\n\n\n<h2 class=\"wp-block-heading\">El Rac\u00f3 de la Paella<\/h2>\n\n\n\n<p class=\"wp-block-paragraph\">Driven by Oscar Gil, El Rac\u00f3 de la Paella is one of those restaurants that simply has to appear in any <strong>top list devoted to fideu\u00e1 in Valencia<\/strong>. In it, the flavors of the land and gastronomic perfectionism come together to get the most out of typical Valencian specialties. That intimate link with local history is reinforced by its venue: a typical manor house dating from 1890.<\/p>\n\n\n\n<p class=\"wp-block-paragraph\">Both the paellas and <strong>the fideu\u00e1s<\/strong> at this restaurant are cooked over orange wood. This technique gives them an unmistakable smoky profile with subtle citrus notes that enhance the flavor of the ingredients. Another of its strengths lies in its variety, since it is possible to choose from seven different <strong>types of fideu\u00e1<\/strong> and twenty-five kinds of rice dishes.<\/p>\n\n\n\n<style>\n.tabla-personalizada {\n    width: 100%;\n    border-collapse: collapse;\n    margin: 25px 0;\n    font-size: 0.9em;\n    font-family: -apple-system, BlinkMacSystemFont, \"Segoe UI\", Roboto, Oxygen-Sans, Ubuntu, Cantarell, \"Helvetica Neue\", sans-serif;\n    box-shadow: 0 0 20px rgba(0, 0, 0, 0.15);\n}\n\n.tabla-personalizada thead tr {\n    background-color: #009879;\n    color: #ffffff;\n    text-align: left;\n}\n\n.tabla-personalizada th,\n.tabla-personalizada td {\n    padding: 12px 15px;\n    border: 1px solid #dddddd;\n}\n\n.tabla-personalizada tbody tr {\n    border-bottom: 1px solid #dddddd;\n}\n\n.tabla-personalizada tbody tr:nth-of-type(even) {\n    background-color: #f3f3f3;\n}\n\n.tabla-personalizada tbody tr:last-of-type {\n    border-bottom: 2px solid #009879;\n}\n\n@media screen and (max-width: 600px) {\n    .tabla-personalizada {\n        display: block;\n        overflow-x: auto;\n    }\n}\n<\/style>\n\n<table class=\"tabla-personalizada\">\n    <thead>\n        <tr>\n            <th>El Rac\u00f3 de la Paella<\/th>\n        <\/tr>\n    <\/thead>\n    <tbody>\n        <tr>\n            <td>Google rating: 4.4\u272e\/5 (from 2,001 reviews)<\/td>\n        <\/tr>\n        <tr>\n<td>Neighborhood: Campanar <\/td>\n        <\/tr>\n        <tr>\n            <td>Price: \u20ac\u20ac\n        <\/tr>\n        <tr>\n            <td>Address: Carrer de Moss\u00e8n Rausell, 17, 46015 Val\u00e8ncia \n        <\/tr>\n        <tr>\n            <td>Features: Mediterranean | Takeout | Street parking | High chairs \n        <\/tr>\n    <\/tbody>\n<\/table>\n\n\n\n<figure class=\"wp-block-image size-full\"><img decoding=\"async\" width=\"840\" height=\"500\" src=\"https:\/\/grupogastrotrinquet.com\/wp-content\/uploads\/2026\/02\/El-Raco-de-la-Paella.jpg\" alt=\"Restaurante El Rac\u00f3 de la Paella\" class=\"wp-image-18384\" srcset=\"https:\/\/grupogastrotrinquet.com\/wp-content\/uploads\/2026\/02\/El-Raco-de-la-Paella.jpg 840w, https:\/\/grupogastrotrinquet.com\/wp-content\/uploads\/2026\/02\/El-Raco-de-la-Paella-300x179.jpg 300w, https:\/\/grupogastrotrinquet.com\/wp-content\/uploads\/2026\/02\/El-Raco-de-la-Paella-768x457.jpg 768w\" sizes=\"(max-width: 840px) 100vw, 840px\" \/><\/figure>\n\n\n\n<h2 class=\"wp-block-heading\">Fum de LLum | Valencia<\/h2>\n\n\n\n<p class=\"wp-block-paragraph\">Creative, market-driven cuisine defines the gastronomic proposal of Fum de Llum. It is worth noting that this restaurant has its own organic vegetable garden, which guarantees that its fideu\u00e1s are prepared with zero-kilometer ingredients.<\/p>\n\n\n\n<p class=\"wp-block-paragraph\"><strong>Lovers of Valencian fideu\u00e1<\/strong> have a must-visit appointment with its emblematic Iberian pork secreto fideu\u00e1. Wild asparagus and truffle cream with mushrooms give it an earthy personality capable of winning over the most demanding palates. So much so that many describe it as the jewel in the restaurant\u2019s crown.<\/p>\n\n\n\n<style>\n.tabla-personalizada {\n    width: 100%;\n    border-collapse: collapse;\n    margin: 25px 0;\n    font-size: 0.9em;\n    font-family: -apple-system, BlinkMacSystemFont, \"Segoe UI\", Roboto, Oxygen-Sans, Ubuntu, Cantarell, \"Helvetica Neue\", sans-serif;\n    box-shadow: 0 0 20px rgba(0, 0, 0, 0.15);\n}\n\n.tabla-personalizada thead tr {\n    background-color: #009879;\n    color: #ffffff;\n    text-align: left;\n}\n\n.tabla-personalizada th,\n.tabla-personalizada td {\n    padding: 12px 15px;\n    border: 1px solid #dddddd;\n}\n\n.tabla-personalizada tbody tr {\n    border-bottom: 1px solid #dddddd;\n}\n\n.tabla-personalizada tbody tr:nth-of-type(even) {\n    background-color: #f3f3f3;\n}\n\n.tabla-personalizada tbody tr:last-of-type {\n    border-bottom: 2px solid #009879;\n}\n\n@media screen and (max-width: 600px) {\n    .tabla-personalizada {\n        display: block;\n        overflow-x: auto;\n    }\n}\n<\/style>\n\n<table class=\"tabla-personalizada\">\n    <thead>\n        <tr>\n            <th>Fum de LLum | Valencia<\/th>\n        <\/tr>\n    <\/thead>\n    <tbody>\n        <tr>\n            <td>Google rating: 4.7\u272e\/5 (from 2,918 reviews)<\/td>\n        <\/tr>\n        <tr>\n<td>Neighborhood: Ensanche <\/td>\n        <\/tr>\n        <tr>\n            <td>Price: \u20ac\u20ac\n        <\/tr>\n        <tr>\n            <td>Address: Carrer Del Comte d&#8217;Altea, 29, 46005 Val\u00e8ncia \n        <\/tr>\n        <tr>\n            <td>Features: Mediterranean fusion | Takeout | Terrace | Wi-Fi \n        <\/tr>\n    <\/tbody>\n<\/table>\n\n\n\n<p class=\"wp-block-paragraph\">When it comes to <strong>eating the best fideu\u00e1 in Valencia<\/strong>, there is nothing like going to one of the Grupo <a href=\"https:\/\/grupogastrotrinquet.com\/en\/\">Gastro Trinquet restaurants<\/a>. Prepared the old-fashioned way with local ingredients, its delicious flavor will take your palate to the very essence of Mediterranean gastronomic tradition.<\/p>\n","protected":false},"excerpt":{"rendered":"<p>Did you know that Valencian fideu\u00e1 is one of the most representative dishes of Mediterranean cuisine?&#8230;<\/p>\n","protected":false},"author":3,"featured_media":18372,"comment_status":"closed","ping_status":"closed","sticky":false,"template":"","format":"standard","meta":{"_acf_changed":false,"inline_featured_image":false,"footnotes":""},"categories":[2],"tags":[],"class_list":["post-19045","post","type-post","status-publish","format-standard","has-post-thumbnail","hentry","category-uncategorized"],"acf":[],"yoast_head":"<!-- This site is optimized with the Yoast SEO plugin v28.4 - https:\/\/yoast.com\/product\/yoast-seo-wordpress\/ -->\n<title>Best Restaurants for Fideu\u00e1 in Valencia | Gastro Trinquet<\/title>\n<meta name=\"description\" content=\"A list of the best restaurants serving fideu\u00e1 in Valencia. The standout features of each restaurant and why you should eat there.\" \/>\n<meta name=\"robots\" content=\"index, follow, max-snippet:-1, max-image-preview:large, max-video-preview:-1\" \/>\n<link rel=\"canonical\" href=\"https:\/\/grupogastrotrinquet.com\/en\/blog\/best-fideua-valencia\/\" \/>\n<meta property=\"og:locale\" content=\"en_US\" \/>\n<meta property=\"og:type\" content=\"article\" \/>\n<meta property=\"og:title\" content=\"Best Restaurants for Fideu\u00e1 in Valencia | Gastro Trinquet\" \/>\n<meta property=\"og:description\" content=\"A list of the best restaurants serving fideu\u00e1 in Valencia. The standout features of each restaurant and why you should eat there.\" \/>\n<meta property=\"og:url\" content=\"https:\/\/grupogastrotrinquet.com\/en\/blog\/best-fideua-valencia\/\" \/>\n<meta property=\"og:site_name\" content=\"Gastro Trinquet Group\" \/>\n<meta property=\"article:published_time\" content=\"2026-02-23T12:22:31+00:00\" \/>\n<meta property=\"article:modified_time\" content=\"2026-04-27T09:40:58+00:00\" \/>\n<meta property=\"og:image\" content=\"https:\/\/grupogastrotrinquet.com\/wp-content\/uploads\/2026\/02\/Fideua-en-Valencia.jpg\" \/>\n\t<meta property=\"og:image:width\" content=\"300\" \/>\n\t<meta property=\"og:image:height\" content=\"225\" \/>\n\t<meta property=\"og:image:type\" content=\"image\/jpeg\" \/>\n<meta name=\"author\" content=\"Marta\" \/>\n<meta name=\"twitter:card\" content=\"summary_large_image\" \/>\n<meta name=\"twitter:label1\" content=\"Written by\" \/>\n\t<meta name=\"twitter:data1\" content=\"Marta\" \/>\n\t<meta name=\"twitter:label2\" content=\"Est. reading time\" \/>\n\t<meta name=\"twitter:data2\" content=\"9 minutes\" \/>\n<script type=\"application\/ld+json\" class=\"yoast-schema-graph\">{\"@context\":\"https:\\\/\\\/schema.org\",\"@graph\":[{\"@type\":\"Article\",\"@id\":\"https:\\\/\\\/grupogastrotrinquet.com\\\/en\\\/blog\\\/best-fideua-valencia\\\/#article\",\"isPartOf\":{\"@id\":\"https:\\\/\\\/grupogastrotrinquet.com\\\/en\\\/blog\\\/best-fideua-valencia\\\/\"},\"author\":{\"name\":\"Marta\",\"@id\":\"https:\\\/\\\/grupogastrotrinquet.com\\\/en\\\/#\\\/schema\\\/person\\\/c6a69ffceeb9e843f704154790e19d1d\"},\"headline\":\"Best Restaurants for Fideu\u00e1 in Valencia\",\"datePublished\":\"2026-02-23T12:22:31+00:00\",\"dateModified\":\"2026-04-27T09:40:58+00:00\",\"mainEntityOfPage\":{\"@id\":\"https:\\\/\\\/grupogastrotrinquet.com\\\/en\\\/blog\\\/best-fideua-valencia\\\/\"},\"wordCount\":1671,\"image\":{\"@id\":\"https:\\\/\\\/grupogastrotrinquet.com\\\/en\\\/blog\\\/best-fideua-valencia\\\/#primaryimage\"},\"thumbnailUrl\":\"https:\\\/\\\/grupogastrotrinquet.com\\\/wp-content\\\/uploads\\\/2026\\\/02\\\/Fideua-en-Valencia.jpg\",\"inLanguage\":\"en-US\"},{\"@type\":\"WebPage\",\"@id\":\"https:\\\/\\\/grupogastrotrinquet.com\\\/en\\\/blog\\\/best-fideua-valencia\\\/\",\"url\":\"https:\\\/\\\/grupogastrotrinquet.com\\\/en\\\/blog\\\/best-fideua-valencia\\\/\",\"name\":\"Best Restaurants for Fideu\u00e1 in Valencia | Gastro Trinquet\",\"isPartOf\":{\"@id\":\"https:\\\/\\\/grupogastrotrinquet.com\\\/en\\\/#website\"},\"primaryImageOfPage\":{\"@id\":\"https:\\\/\\\/grupogastrotrinquet.com\\\/en\\\/blog\\\/best-fideua-valencia\\\/#primaryimage\"},\"image\":{\"@id\":\"https:\\\/\\\/grupogastrotrinquet.com\\\/en\\\/blog\\\/best-fideua-valencia\\\/#primaryimage\"},\"thumbnailUrl\":\"https:\\\/\\\/grupogastrotrinquet.com\\\/wp-content\\\/uploads\\\/2026\\\/02\\\/Fideua-en-Valencia.jpg\",\"datePublished\":\"2026-02-23T12:22:31+00:00\",\"dateModified\":\"2026-04-27T09:40:58+00:00\",\"author\":{\"@id\":\"https:\\\/\\\/grupogastrotrinquet.com\\\/en\\\/#\\\/schema\\\/person\\\/c6a69ffceeb9e843f704154790e19d1d\"},\"description\":\"A list of the best restaurants serving fideu\u00e1 in Valencia. The standout features of each restaurant and why you should eat there.\",\"breadcrumb\":{\"@id\":\"https:\\\/\\\/grupogastrotrinquet.com\\\/en\\\/blog\\\/best-fideua-valencia\\\/#breadcrumb\"},\"inLanguage\":\"en-US\",\"potentialAction\":[{\"@type\":\"ReadAction\",\"target\":[\"https:\\\/\\\/grupogastrotrinquet.com\\\/en\\\/blog\\\/best-fideua-valencia\\\/\"]}]},{\"@type\":\"ImageObject\",\"inLanguage\":\"en-US\",\"@id\":\"https:\\\/\\\/grupogastrotrinquet.com\\\/en\\\/blog\\\/best-fideua-valencia\\\/#primaryimage\",\"url\":\"https:\\\/\\\/grupogastrotrinquet.com\\\/wp-content\\\/uploads\\\/2026\\\/02\\\/Fideua-en-Valencia.jpg\",\"contentUrl\":\"https:\\\/\\\/grupogastrotrinquet.com\\\/wp-content\\\/uploads\\\/2026\\\/02\\\/Fideua-en-Valencia.jpg\",\"width\":300,\"height\":225,\"caption\":\"Comer Fideu\u00e1 en Valencia\"},{\"@type\":\"BreadcrumbList\",\"@id\":\"https:\\\/\\\/grupogastrotrinquet.com\\\/en\\\/blog\\\/best-fideua-valencia\\\/#breadcrumb\",\"itemListElement\":[{\"@type\":\"ListItem\",\"position\":1,\"name\":\"Portada\",\"item\":\"https:\\\/\\\/grupogastrotrinquet.com\\\/en\\\/\"},{\"@type\":\"ListItem\",\"position\":2,\"name\":\"Best Restaurants for Fideu\u00e1 in Valencia\"}]},{\"@type\":\"WebSite\",\"@id\":\"https:\\\/\\\/grupogastrotrinquet.com\\\/en\\\/#website\",\"url\":\"https:\\\/\\\/grupogastrotrinquet.com\\\/en\\\/\",\"name\":\"grupgastrotrinquet.com\",\"description\":\"Centrados en el amor hacia la cultura, el deporte y la comida tradicional valenciana.\",\"potentialAction\":[{\"@type\":\"SearchAction\",\"target\":{\"@type\":\"EntryPoint\",\"urlTemplate\":\"https:\\\/\\\/grupogastrotrinquet.com\\\/en\\\/?s={search_term_string}\"},\"query-input\":{\"@type\":\"PropertyValueSpecification\",\"valueRequired\":true,\"valueName\":\"search_term_string\"}}],\"inLanguage\":\"en-US\"},{\"@type\":\"Person\",\"@id\":\"https:\\\/\\\/grupogastrotrinquet.com\\\/en\\\/#\\\/schema\\\/person\\\/c6a69ffceeb9e843f704154790e19d1d\",\"name\":\"Marta\",\"image\":{\"@type\":\"ImageObject\",\"inLanguage\":\"en-US\",\"@id\":\"https:\\\/\\\/secure.gravatar.com\\\/avatar\\\/aecb5a69cd8644e51569c63360dc6e41fcfefe3db49a794bfc58d45e5532aec4?s=96&d=mm&r=g\",\"url\":\"https:\\\/\\\/secure.gravatar.com\\\/avatar\\\/aecb5a69cd8644e51569c63360dc6e41fcfefe3db49a794bfc58d45e5532aec4?s=96&d=mm&r=g\",\"contentUrl\":\"https:\\\/\\\/secure.gravatar.com\\\/avatar\\\/aecb5a69cd8644e51569c63360dc6e41fcfefe3db49a794bfc58d45e5532aec4?s=96&d=mm&r=g\",\"caption\":\"Marta\"},\"url\":\"https:\\\/\\\/grupogastrotrinquet.com\\\/en\\\/author\\\/admin_trinquet\\\/\"}]}<\/script>\n<!-- \/ Yoast SEO plugin. -->","yoast_head_json":{"title":"Best Restaurants for Fideu\u00e1 in Valencia | Gastro Trinquet","description":"A list of the best restaurants serving fideu\u00e1 in Valencia. The standout features of each restaurant and why you should eat there.","robots":{"index":"index","follow":"follow","max-snippet":"max-snippet:-1","max-image-preview":"max-image-preview:large","max-video-preview":"max-video-preview:-1"},"canonical":"https:\/\/grupogastrotrinquet.com\/en\/blog\/best-fideua-valencia\/","og_locale":"en_US","og_type":"article","og_title":"Best Restaurants for Fideu\u00e1 in Valencia | Gastro Trinquet","og_description":"A list of the best restaurants serving fideu\u00e1 in Valencia. The standout features of each restaurant and why you should eat there.","og_url":"https:\/\/grupogastrotrinquet.com\/en\/blog\/best-fideua-valencia\/","og_site_name":"Gastro Trinquet Group","article_published_time":"2026-02-23T12:22:31+00:00","article_modified_time":"2026-04-27T09:40:58+00:00","og_image":[{"width":300,"height":225,"url":"https:\/\/grupogastrotrinquet.com\/wp-content\/uploads\/2026\/02\/Fideua-en-Valencia.jpg","type":"image\/jpeg"}],"author":"Marta","twitter_card":"summary_large_image","twitter_misc":{"Written by":"Marta","Est. reading time":"9 minutes"},"schema":{"@context":"https:\/\/schema.org","@graph":[{"@type":"Article","@id":"https:\/\/grupogastrotrinquet.com\/en\/blog\/best-fideua-valencia\/#article","isPartOf":{"@id":"https:\/\/grupogastrotrinquet.com\/en\/blog\/best-fideua-valencia\/"},"author":{"name":"Marta","@id":"https:\/\/grupogastrotrinquet.com\/en\/#\/schema\/person\/c6a69ffceeb9e843f704154790e19d1d"},"headline":"Best Restaurants for Fideu\u00e1 in Valencia","datePublished":"2026-02-23T12:22:31+00:00","dateModified":"2026-04-27T09:40:58+00:00","mainEntityOfPage":{"@id":"https:\/\/grupogastrotrinquet.com\/en\/blog\/best-fideua-valencia\/"},"wordCount":1671,"image":{"@id":"https:\/\/grupogastrotrinquet.com\/en\/blog\/best-fideua-valencia\/#primaryimage"},"thumbnailUrl":"https:\/\/grupogastrotrinquet.com\/wp-content\/uploads\/2026\/02\/Fideua-en-Valencia.jpg","inLanguage":"en-US"},{"@type":"WebPage","@id":"https:\/\/grupogastrotrinquet.com\/en\/blog\/best-fideua-valencia\/","url":"https:\/\/grupogastrotrinquet.com\/en\/blog\/best-fideua-valencia\/","name":"Best Restaurants for Fideu\u00e1 in Valencia | Gastro Trinquet","isPartOf":{"@id":"https:\/\/grupogastrotrinquet.com\/en\/#website"},"primaryImageOfPage":{"@id":"https:\/\/grupogastrotrinquet.com\/en\/blog\/best-fideua-valencia\/#primaryimage"},"image":{"@id":"https:\/\/grupogastrotrinquet.com\/en\/blog\/best-fideua-valencia\/#primaryimage"},"thumbnailUrl":"https:\/\/grupogastrotrinquet.com\/wp-content\/uploads\/2026\/02\/Fideua-en-Valencia.jpg","datePublished":"2026-02-23T12:22:31+00:00","dateModified":"2026-04-27T09:40:58+00:00","author":{"@id":"https:\/\/grupogastrotrinquet.com\/en\/#\/schema\/person\/c6a69ffceeb9e843f704154790e19d1d"},"description":"A list of the best restaurants serving fideu\u00e1 in Valencia. The standout features of each restaurant and why you should eat there.","breadcrumb":{"@id":"https:\/\/grupogastrotrinquet.com\/en\/blog\/best-fideua-valencia\/#breadcrumb"},"inLanguage":"en-US","potentialAction":[{"@type":"ReadAction","target":["https:\/\/grupogastrotrinquet.com\/en\/blog\/best-fideua-valencia\/"]}]},{"@type":"ImageObject","inLanguage":"en-US","@id":"https:\/\/grupogastrotrinquet.com\/en\/blog\/best-fideua-valencia\/#primaryimage","url":"https:\/\/grupogastrotrinquet.com\/wp-content\/uploads\/2026\/02\/Fideua-en-Valencia.jpg","contentUrl":"https:\/\/grupogastrotrinquet.com\/wp-content\/uploads\/2026\/02\/Fideua-en-Valencia.jpg","width":300,"height":225,"caption":"Comer Fideu\u00e1 en Valencia"},{"@type":"BreadcrumbList","@id":"https:\/\/grupogastrotrinquet.com\/en\/blog\/best-fideua-valencia\/#breadcrumb","itemListElement":[{"@type":"ListItem","position":1,"name":"Portada","item":"https:\/\/grupogastrotrinquet.com\/en\/"},{"@type":"ListItem","position":2,"name":"Best Restaurants for Fideu\u00e1 in Valencia"}]},{"@type":"WebSite","@id":"https:\/\/grupogastrotrinquet.com\/en\/#website","url":"https:\/\/grupogastrotrinquet.com\/en\/","name":"grupgastrotrinquet.com","description":"Centrados en el amor hacia la cultura, el deporte y la comida tradicional valenciana.","potentialAction":[{"@type":"SearchAction","target":{"@type":"EntryPoint","urlTemplate":"https:\/\/grupogastrotrinquet.com\/en\/?s={search_term_string}"},"query-input":{"@type":"PropertyValueSpecification","valueRequired":true,"valueName":"search_term_string"}}],"inLanguage":"en-US"},{"@type":"Person","@id":"https:\/\/grupogastrotrinquet.com\/en\/#\/schema\/person\/c6a69ffceeb9e843f704154790e19d1d","name":"Marta","image":{"@type":"ImageObject","inLanguage":"en-US","@id":"https:\/\/secure.gravatar.com\/avatar\/aecb5a69cd8644e51569c63360dc6e41fcfefe3db49a794bfc58d45e5532aec4?s=96&d=mm&r=g","url":"https:\/\/secure.gravatar.com\/avatar\/aecb5a69cd8644e51569c63360dc6e41fcfefe3db49a794bfc58d45e5532aec4?s=96&d=mm&r=g","contentUrl":"https:\/\/secure.gravatar.com\/avatar\/aecb5a69cd8644e51569c63360dc6e41fcfefe3db49a794bfc58d45e5532aec4?s=96&d=mm&r=g","caption":"Marta"},"url":"https:\/\/grupogastrotrinquet.com\/en\/author\/admin_trinquet\/"}]}},"_links":{"self":[{"href":"https:\/\/grupogastrotrinquet.com\/en\/wp-json\/wp\/v2\/posts\/19045","targetHints":{"allow":["GET"]}}],"collection":[{"href":"https:\/\/grupogastrotrinquet.com\/en\/wp-json\/wp\/v2\/posts"}],"about":[{"href":"https:\/\/grupogastrotrinquet.com\/en\/wp-json\/wp\/v2\/types\/post"}],"author":[{"embeddable":true,"href":"https:\/\/grupogastrotrinquet.com\/en\/wp-json\/wp\/v2\/users\/3"}],"replies":[{"embeddable":true,"href":"https:\/\/grupogastrotrinquet.com\/en\/wp-json\/wp\/v2\/comments?post=19045"}],"version-history":[{"count":9,"href":"https:\/\/grupogastrotrinquet.com\/en\/wp-json\/wp\/v2\/posts\/19045\/revisions"}],"predecessor-version":[{"id":19057,"href":"https:\/\/grupogastrotrinquet.com\/en\/wp-json\/wp\/v2\/posts\/19045\/revisions\/19057"}],"wp:featuredmedia":[{"embeddable":true,"href":"https:\/\/grupogastrotrinquet.com\/en\/wp-json\/wp\/v2\/media\/18372"}],"wp:attachment":[{"href":"https:\/\/grupogastrotrinquet.com\/en\/wp-json\/wp\/v2\/media?parent=19045"}],"wp:term":[{"taxonomy":"category","embeddable":true,"href":"https:\/\/grupogastrotrinquet.com\/en\/wp-json\/wp\/v2\/categories?post=19045"},{"taxonomy":"post_tag","embeddable":true,"href":"https:\/\/grupogastrotrinquet.com\/en\/wp-json\/wp\/v2\/tags?post=19045"}],"curies":[{"name":"wp","href":"https:\/\/api.w.org\/{rel}","templated":true}]}}